{"id":13917,"date":"2024-11-19T09:52:40","date_gmt":"2024-11-19T08:52:40","guid":{"rendered":"https:\/\/www.humangenetik-umg.de\/?p=13917"},"modified":"2024-11-19T09:52:40","modified_gmt":"2024-11-19T08:52:40","slug":"second-registry-for-patients-with-hearing-loss-due-to-cabp2-dfnb93-variants","status":"publish","type":"post","link":"https:\/\/www.humangenetik-umg.de\/en\/second-registry-for-patients-with-hearing-loss-due-to-cabp2-dfnb93-variants\/","title":{"rendered":"Second Registry for Patients with Hearing Loss due to CABP2 (DFNB93) variants"},"content":{"rendered":"<p>Building upon success following release of the first patient registry for isolated hearing impairment due to otoferlin-related hearing impairment in late 2023, we are pleased to announce the addition of a second registry for patients with CABP2 (DFNB93) diagnoses. This dedicated database is a collaborative effort between the Institute of Human Genetics and Institute for Auditory Neuroscience at the University Medical Center G\u00f6ttingen (UMG). The study aims to achieve deeper insights into the phenotype of patients, which, generally remains limited to sensorineural hearing loss. However, analysis of the mechanism in animal models suggests that the underlying mechanism may be more accurately characterized as auditory synaptopathy. This study also hopes to contribute to the development of new therapeutic approaches.<\/p>\n<p>Adults, children, or minors (with parental consent), who have received a <em>CABP2<\/em> genetic diagnosis are welcome to register. Participants can provide details on their medical history, progression of hearing impairment, treatment and genetic data. All data will be stored in pseudonymised form in compliance with the European General Data Protection Regulation (GDPR) for research purposes.<\/p>\n<p>The registry aims to empower patient-driven science on a gene that has been a focus of research at the G\u00f6ttingen campus for many years. To learn more about the registry, please follow this link:<\/p>\n[mk_button dimension=&#8221;flat&#8221; size=&#8221;medium&#8221; icon=&#8221;mk-icon-long-arrow-right&#8221; icon_anim=&#8221;side&#8221; url=&#8221; https:\/\/www.auditory-neuroscience.uni-goettingen.de\/cabp2_registry.html &#8221; target=&#8221;_blank&#8221; bg_color=&#8221;#006699&#8243; btn_hover_bg=&#8221;#000000&#8243; btn_hover_txt_color=&#8221;#ffffff&#8221;]To CABP2 Registry[\/mk_button][mk_padding_divider size=&#8221;30&#8243;]\n<p>The registry study has received ethical approved from the Ethics Committee of the University Medical Center G\u00f6ttingen.<\/p>\n<p>Contact: PD Dr. Barbara Vona, <a href=\"mailto:barbara.vona@med.uni-goettingen.de\">barbara.vona@med.uni-goettingen.de<\/a><\/p>\n","protected":false},"excerpt":{"rendered":"<p>Building upon success following release of the first patient registry for isolated hearing impairment due to otoferlin-related hearing impairment in late 2023, we are pleased to announce the addition of a second registry for patients with CABP2 (DFNB93) diagnoses. This dedicated database is a collaborative effort between the Institute of Human Genetics and Institute for [&hellip;]<\/p>\n","protected":false},"author":3,"featured_media":0,"comment_status":"closed","ping_status":"closed","sticky":false,"template":"","format":"standard","meta":{"footnotes":""},"categories":[51,52],"tags":[],"class_list":["post-13917","post","type-post","status-publish","format-standard","hentry","category-news","category-research"],"yoast_head":"<!-- This site is optimized with the Yoast SEO plugin v26.8 - https:\/\/yoast.com\/product\/yoast-seo-wordpress\/ -->\n<title>Second Registry for Patients with Hearing Loss due to CABP2 (DFNB93) variants - Institut f\u00fcr Humangenetik<\/title>\n<meta name=\"description\" content=\"The CABP2 registry is a collaborative effort between the Institute of Human Genetics and Institute for Auditory Neuroscience at the University Medical Center G\u00f6ttingen (UMG).\" \/>\n<meta name=\"robots\" content=\"index, follow, max-snippet:-1, max-image-preview:large, max-video-preview:-1\" \/>\n<link rel=\"canonical\" href=\"https:\/\/www.humangenetik-umg.de\/en\/second-registry-for-patients-with-hearing-loss-due-to-cabp2-dfnb93-variants\/\" \/>\n<meta property=\"og:locale\" content=\"en_US\" \/>\n<meta property=\"og:type\" content=\"article\" \/>\n<meta property=\"og:title\" content=\"Second Registry for Patients with Hearing Loss due to CABP2 (DFNB93) variants - Institut f\u00fcr Humangenetik\" \/>\n<meta property=\"og:description\" content=\"The CABP2 registry is a collaborative effort between the Institute of Human Genetics and Institute for Auditory Neuroscience at the University Medical Center G\u00f6ttingen (UMG).\" \/>\n<meta property=\"og:url\" content=\"https:\/\/www.humangenetik-umg.de\/en\/second-registry-for-patients-with-hearing-loss-due-to-cabp2-dfnb93-variants\/\" \/>\n<meta property=\"og:site_name\" content=\"Institut f\u00fcr Humangenetik\" \/>\n<meta property=\"article:published_time\" content=\"2024-11-19T08:52:40+00:00\" \/>\n<meta name=\"author\" content=\"KB\" \/>\n<meta name=\"twitter:card\" content=\"summary_large_image\" \/>\n<meta name=\"twitter:label1\" content=\"Written by\" \/>\n\t<meta name=\"twitter:data1\" content=\"KB\" \/>\n\t<meta name=\"twitter:label2\" content=\"Est. reading time\" \/>\n\t<meta name=\"twitter:data2\" content=\"2 minutes\" \/>\n<script type=\"application\/ld+json\" class=\"yoast-schema-graph\">{\"@context\":\"https:\/\/schema.org\",\"@graph\":[{\"@type\":\"Article\",\"@id\":\"https:\/\/www.humangenetik-umg.de\/en\/second-registry-for-patients-with-hearing-loss-due-to-cabp2-dfnb93-variants\/#article\",\"isPartOf\":{\"@id\":\"https:\/\/www.humangenetik-umg.de\/en\/second-registry-for-patients-with-hearing-loss-due-to-cabp2-dfnb93-variants\/\"},\"author\":{\"name\":\"KB\",\"@id\":\"https:\/\/www.humangenetik-umg.de\/en\/#\/schema\/person\/521bbb2a6ceb55060a1ef5eccb794675\"},\"headline\":\"Second Registry for Patients with Hearing Loss due to CABP2 (DFNB93) variants\",\"datePublished\":\"2024-11-19T08:52:40+00:00\",\"mainEntityOfPage\":{\"@id\":\"https:\/\/www.humangenetik-umg.de\/en\/second-registry-for-patients-with-hearing-loss-due-to-cabp2-dfnb93-variants\/\"},\"wordCount\":289,\"articleSection\":[\"News\",\"Research\"],\"inLanguage\":\"en-US\"},{\"@type\":\"WebPage\",\"@id\":\"https:\/\/www.humangenetik-umg.de\/en\/second-registry-for-patients-with-hearing-loss-due-to-cabp2-dfnb93-variants\/\",\"url\":\"https:\/\/www.humangenetik-umg.de\/en\/second-registry-for-patients-with-hearing-loss-due-to-cabp2-dfnb93-variants\/\",\"name\":\"Second Registry for Patients with Hearing Loss due to CABP2 (DFNB93) variants - Institut f\u00fcr Humangenetik\",\"isPartOf\":{\"@id\":\"https:\/\/www.humangenetik-umg.de\/en\/#website\"},\"datePublished\":\"2024-11-19T08:52:40+00:00\",\"author\":{\"@id\":\"https:\/\/www.humangenetik-umg.de\/en\/#\/schema\/person\/521bbb2a6ceb55060a1ef5eccb794675\"},\"description\":\"The CABP2 registry is a collaborative effort between the Institute of Human Genetics and Institute for Auditory Neuroscience at the University Medical Center G\u00f6ttingen (UMG).\",\"breadcrumb\":{\"@id\":\"https:\/\/www.humangenetik-umg.de\/en\/second-registry-for-patients-with-hearing-loss-due-to-cabp2-dfnb93-variants\/#breadcrumb\"},\"inLanguage\":\"en-US\",\"potentialAction\":[{\"@type\":\"ReadAction\",\"target\":[\"https:\/\/www.humangenetik-umg.de\/en\/second-registry-for-patients-with-hearing-loss-due-to-cabp2-dfnb93-variants\/\"]}]},{\"@type\":\"BreadcrumbList\",\"@id\":\"https:\/\/www.humangenetik-umg.de\/en\/second-registry-for-patients-with-hearing-loss-due-to-cabp2-dfnb93-variants\/#breadcrumb\",\"itemListElement\":[{\"@type\":\"ListItem\",\"position\":1,\"name\":\"Home\",\"item\":\"https:\/\/www.humangenetik-umg.de\/en\/\"},{\"@type\":\"ListItem\",\"position\":2,\"name\":\"Second Registry for Patients with Hearing Loss due to CABP2 (DFNB93) variants\"}]},{\"@type\":\"WebSite\",\"@id\":\"https:\/\/www.humangenetik-umg.de\/en\/#website\",\"url\":\"https:\/\/www.humangenetik-umg.de\/en\/\",\"name\":\"Institut f\u00fcr Humangenetik\",\"description\":\"Institut f\u00fcr Humangenetik der Universit\u00e4tsmedizin G\u00f6ttingen\",\"potentialAction\":[{\"@type\":\"SearchAction\",\"target\":{\"@type\":\"EntryPoint\",\"urlTemplate\":\"https:\/\/www.humangenetik-umg.de\/en\/?s={search_term_string}\"},\"query-input\":{\"@type\":\"PropertyValueSpecification\",\"valueRequired\":true,\"valueName\":\"search_term_string\"}}],\"inLanguage\":\"en-US\"},{\"@type\":\"Person\",\"@id\":\"https:\/\/www.humangenetik-umg.de\/en\/#\/schema\/person\/521bbb2a6ceb55060a1ef5eccb794675\",\"name\":\"KB\",\"image\":{\"@type\":\"ImageObject\",\"inLanguage\":\"en-US\",\"@id\":\"https:\/\/www.humangenetik-umg.de\/en\/#\/schema\/person\/image\/\",\"url\":\"https:\/\/secure.gravatar.com\/avatar\/599107e4ecdfb329c5aa3823e054ce14?s=96&d=mm&r=g\",\"contentUrl\":\"https:\/\/secure.gravatar.com\/avatar\/599107e4ecdfb329c5aa3823e054ce14?s=96&d=mm&r=g\",\"caption\":\"KB\"},\"url\":\"https:\/\/www.humangenetik-umg.de\/en\/author\/boss\/\"}]}<\/script>\n<!-- \/ Yoast SEO plugin. -->","yoast_head_json":{"title":"Second Registry for Patients with Hearing Loss due to CABP2 (DFNB93) variants - Institut f\u00fcr Humangenetik","description":"The CABP2 registry is a collaborative effort between the Institute of Human Genetics and Institute for Auditory Neuroscience at the University Medical Center G\u00f6ttingen (UMG).","robots":{"index":"index","follow":"follow","max-snippet":"max-snippet:-1","max-image-preview":"max-image-preview:large","max-video-preview":"max-video-preview:-1"},"canonical":"https:\/\/www.humangenetik-umg.de\/en\/second-registry-for-patients-with-hearing-loss-due-to-cabp2-dfnb93-variants\/","og_locale":"en_US","og_type":"article","og_title":"Second Registry for Patients with Hearing Loss due to CABP2 (DFNB93) variants - Institut f\u00fcr Humangenetik","og_description":"The CABP2 registry is a collaborative effort between the Institute of Human Genetics and Institute for Auditory Neuroscience at the University Medical Center G\u00f6ttingen (UMG).","og_url":"https:\/\/www.humangenetik-umg.de\/en\/second-registry-for-patients-with-hearing-loss-due-to-cabp2-dfnb93-variants\/","og_site_name":"Institut f\u00fcr Humangenetik","article_published_time":"2024-11-19T08:52:40+00:00","author":"KB","twitter_card":"summary_large_image","twitter_misc":{"Written by":"KB","Est. reading time":"2 minutes"},"schema":{"@context":"https:\/\/schema.org","@graph":[{"@type":"Article","@id":"https:\/\/www.humangenetik-umg.de\/en\/second-registry-for-patients-with-hearing-loss-due-to-cabp2-dfnb93-variants\/#article","isPartOf":{"@id":"https:\/\/www.humangenetik-umg.de\/en\/second-registry-for-patients-with-hearing-loss-due-to-cabp2-dfnb93-variants\/"},"author":{"name":"KB","@id":"https:\/\/www.humangenetik-umg.de\/en\/#\/schema\/person\/521bbb2a6ceb55060a1ef5eccb794675"},"headline":"Second Registry for Patients with Hearing Loss due to CABP2 (DFNB93) variants","datePublished":"2024-11-19T08:52:40+00:00","mainEntityOfPage":{"@id":"https:\/\/www.humangenetik-umg.de\/en\/second-registry-for-patients-with-hearing-loss-due-to-cabp2-dfnb93-variants\/"},"wordCount":289,"articleSection":["News","Research"],"inLanguage":"en-US"},{"@type":"WebPage","@id":"https:\/\/www.humangenetik-umg.de\/en\/second-registry-for-patients-with-hearing-loss-due-to-cabp2-dfnb93-variants\/","url":"https:\/\/www.humangenetik-umg.de\/en\/second-registry-for-patients-with-hearing-loss-due-to-cabp2-dfnb93-variants\/","name":"Second Registry for Patients with Hearing Loss due to CABP2 (DFNB93) variants - Institut f\u00fcr Humangenetik","isPartOf":{"@id":"https:\/\/www.humangenetik-umg.de\/en\/#website"},"datePublished":"2024-11-19T08:52:40+00:00","author":{"@id":"https:\/\/www.humangenetik-umg.de\/en\/#\/schema\/person\/521bbb2a6ceb55060a1ef5eccb794675"},"description":"The CABP2 registry is a collaborative effort between the Institute of Human Genetics and Institute for Auditory Neuroscience at the University Medical Center G\u00f6ttingen (UMG).","breadcrumb":{"@id":"https:\/\/www.humangenetik-umg.de\/en\/second-registry-for-patients-with-hearing-loss-due-to-cabp2-dfnb93-variants\/#breadcrumb"},"inLanguage":"en-US","potentialAction":[{"@type":"ReadAction","target":["https:\/\/www.humangenetik-umg.de\/en\/second-registry-for-patients-with-hearing-loss-due-to-cabp2-dfnb93-variants\/"]}]},{"@type":"BreadcrumbList","@id":"https:\/\/www.humangenetik-umg.de\/en\/second-registry-for-patients-with-hearing-loss-due-to-cabp2-dfnb93-variants\/#breadcrumb","itemListElement":[{"@type":"ListItem","position":1,"name":"Home","item":"https:\/\/www.humangenetik-umg.de\/en\/"},{"@type":"ListItem","position":2,"name":"Second Registry for Patients with Hearing Loss due to CABP2 (DFNB93) variants"}]},{"@type":"WebSite","@id":"https:\/\/www.humangenetik-umg.de\/en\/#website","url":"https:\/\/www.humangenetik-umg.de\/en\/","name":"Institut f\u00fcr Humangenetik","description":"Institut f\u00fcr Humangenetik der Universit\u00e4tsmedizin G\u00f6ttingen","potentialAction":[{"@type":"SearchAction","target":{"@type":"EntryPoint","urlTemplate":"https:\/\/www.humangenetik-umg.de\/en\/?s={search_term_string}"},"query-input":{"@type":"PropertyValueSpecification","valueRequired":true,"valueName":"search_term_string"}}],"inLanguage":"en-US"},{"@type":"Person","@id":"https:\/\/www.humangenetik-umg.de\/en\/#\/schema\/person\/521bbb2a6ceb55060a1ef5eccb794675","name":"KB","image":{"@type":"ImageObject","inLanguage":"en-US","@id":"https:\/\/www.humangenetik-umg.de\/en\/#\/schema\/person\/image\/","url":"https:\/\/secure.gravatar.com\/avatar\/599107e4ecdfb329c5aa3823e054ce14?s=96&d=mm&r=g","contentUrl":"https:\/\/secure.gravatar.com\/avatar\/599107e4ecdfb329c5aa3823e054ce14?s=96&d=mm&r=g","caption":"KB"},"url":"https:\/\/www.humangenetik-umg.de\/en\/author\/boss\/"}]}},"_links":{"self":[{"href":"https:\/\/www.humangenetik-umg.de\/en\/wp-json\/wp\/v2\/posts\/13917","targetHints":{"allow":["GET"]}}],"collection":[{"href":"https:\/\/www.humangenetik-umg.de\/en\/wp-json\/wp\/v2\/posts"}],"about":[{"href":"https:\/\/www.humangenetik-umg.de\/en\/wp-json\/wp\/v2\/types\/post"}],"author":[{"embeddable":true,"href":"https:\/\/www.humangenetik-umg.de\/en\/wp-json\/wp\/v2\/users\/3"}],"replies":[{"embeddable":true,"href":"https:\/\/www.humangenetik-umg.de\/en\/wp-json\/wp\/v2\/comments?post=13917"}],"version-history":[{"count":0,"href":"https:\/\/www.humangenetik-umg.de\/en\/wp-json\/wp\/v2\/posts\/13917\/revisions"}],"wp:attachment":[{"href":"https:\/\/www.humangenetik-umg.de\/en\/wp-json\/wp\/v2\/media?parent=13917"}],"wp:term":[{"taxonomy":"category","embeddable":true,"href":"https:\/\/www.humangenetik-umg.de\/en\/wp-json\/wp\/v2\/categories?post=13917"},{"taxonomy":"post_tag","embeddable":true,"href":"https:\/\/www.humangenetik-umg.de\/en\/wp-json\/wp\/v2\/tags?post=13917"}],"curies":[{"name":"wp","href":"https:\/\/api.w.org\/{rel}","templated":true}]}}