{"id":14577,"date":"2025-08-19T15:20:57","date_gmt":"2025-08-19T13:20:57","guid":{"rendered":"https:\/\/www.humangenetik-umg.de\/?p=14577"},"modified":"2025-08-19T15:20:57","modified_gmt":"2025-08-19T13:20:57","slug":"2nd-train-omics-days-lower-saxony-2025-register-now","status":"publish","type":"post","link":"https:\/\/www.humangenetik-umg.de\/en\/2nd-train-omics-days-lower-saxony-2025-register-now\/","title":{"rendered":"2nd TRAIN Omics Days Lower Saxony 2025: Register now!"},"content":{"rendered":"<div class=\"wpb-content-wrapper\">[vc_row][vc_column][mk_padding_divider size=&#8221;30&#8243;][\/vc_column][\/vc_row][vc_row][vc_column][mk_image src=&#8221;https:\/\/www.humangenetik-umg.de\/wp-content\/uploads\/2025\/08\/trainomics-days-2025.jpg&#8221; image_size=&#8221;full&#8221;][\/vc_column][\/vc_row][vc_row][vc_column][mk_padding_divider size=&#8221;30&#8243;][\/vc_column][\/vc_row][vc_row][vc_column][vc_column_text css=&#8221;.vc_custom_1755609520713{margin-bottom: 0px !important;}&#8221;]Registration is now open for the upcoming 2nd TRAIN Omics Days Lower Saxony 2025.<\/p>\n<p>The conference will be held in <strong>Hannover<\/strong> on <strong>24-25 November<\/strong>.<\/p>\n<p>All interested individuals from the TRAIN partner institutes from the field of molecular and translational health research can participate.<\/p>\n<p>Registration Deadline: 1 November 2024<\/p>\n<p>The preliminary program and all information on calls for projects and posters can be found on the conference website:<\/p>\n[mk_button dimension=&#8221;flat&#8221; size=&#8221;medium&#8221; icon=&#8221;mk-icon-long-arrow-right&#8221; icon_anim=&#8221;side&#8221; url=&#8221;https:\/\/innomatch.nds.de\/events\/default\/2nd-train-omics-days-lower-saxony\/86xjAOZr1W &#8221; target=&#8221;_blank&#8221; bg_color=&#8221;#006699&#8243; btn_hover_bg=&#8221;#000000&#8243; btn_hover_txt_color=&#8221;#ffffff&#8221;]Registration[\/mk_button][mk_padding_divider size=&#8221;30&#8243;][\/vc_column_text][\/vc_column][\/vc_row]\n<\/div>","protected":false},"excerpt":{"rendered":"<p>[vc_row][vc_column][mk_padding_divider size=&#8221;30&#8243;][\/vc_column][\/vc_row][vc_row][vc_column][mk_image src=&#8221;https:\/\/www.humangenetik-umg.de\/wp-content\/uploads\/2025\/08\/trainomics-days-2025.jpg&#8221; image_size=&#8221;full&#8221;][\/vc_column][\/vc_row][vc_row][vc_column][mk_padding_divider size=&#8221;30&#8243;][\/vc_column][\/vc_row][vc_row][vc_column][vc_column_text css=&#8221;.vc_custom_1755609520713{margin-bottom: 0px !important;}&#8221;]Registration is now open for the upcoming 2nd TRAIN Omics Days Lower Saxony 2025. The conference will be held in Hannover on 24-25 November. All interested individuals from the TRAIN partner institutes from the field of molecular and translational health research can participate. Registration Deadline: 1 November 2024 [&hellip;]<\/p>\n","protected":false},"author":3,"featured_media":0,"comment_status":"closed","ping_status":"closed","sticky":false,"template":"","format":"standard","meta":{"footnotes":""},"categories":[53,51],"tags":[],"class_list":["post-14577","post","type-post","status-publish","format-standard","hentry","category-events","category-news"],"yoast_head":"<!-- This site is optimized with the Yoast SEO plugin v26.8 - https:\/\/yoast.com\/product\/yoast-seo-wordpress\/ -->\n<title>2nd TRAIN Omics Days Lower Saxony 2025: Register now! - Institut f\u00fcr Humangenetik<\/title>\n<meta name=\"description\" content=\"Registration is now open for the upcoming 2nd TRAIN Omics Days Lower Saxony 2025\" \/>\n<meta name=\"robots\" content=\"index, follow, max-snippet:-1, max-image-preview:large, max-video-preview:-1\" \/>\n<link rel=\"canonical\" href=\"https:\/\/www.humangenetik-umg.de\/en\/2nd-train-omics-days-lower-saxony-2025-register-now\/\" \/>\n<meta property=\"og:locale\" content=\"en_US\" \/>\n<meta property=\"og:type\" content=\"article\" \/>\n<meta property=\"og:title\" content=\"2nd TRAIN Omics Days Lower Saxony 2025: Register now! - Institut f\u00fcr Humangenetik\" \/>\n<meta property=\"og:description\" content=\"Registration is now open for the upcoming 2nd TRAIN Omics Days Lower Saxony 2025\" \/>\n<meta property=\"og:url\" content=\"https:\/\/www.humangenetik-umg.de\/en\/2nd-train-omics-days-lower-saxony-2025-register-now\/\" \/>\n<meta property=\"og:site_name\" content=\"Institut f\u00fcr Humangenetik\" \/>\n<meta property=\"article:published_time\" content=\"2025-08-19T13:20:57+00:00\" \/>\n<meta name=\"author\" content=\"KB\" \/>\n<meta name=\"twitter:card\" content=\"summary_large_image\" \/>\n<meta name=\"twitter:label1\" content=\"Written by\" \/>\n\t<meta name=\"twitter:data1\" content=\"KB\" \/>\n\t<meta name=\"twitter:label2\" content=\"Est. reading time\" \/>\n\t<meta name=\"twitter:data2\" content=\"1 minute\" \/>\n<script type=\"application\/ld+json\" class=\"yoast-schema-graph\">{\"@context\":\"https:\/\/schema.org\",\"@graph\":[{\"@type\":\"Article\",\"@id\":\"https:\/\/www.humangenetik-umg.de\/en\/2nd-train-omics-days-lower-saxony-2025-register-now\/#article\",\"isPartOf\":{\"@id\":\"https:\/\/www.humangenetik-umg.de\/en\/2nd-train-omics-days-lower-saxony-2025-register-now\/\"},\"author\":{\"name\":\"KB\",\"@id\":\"https:\/\/www.humangenetik-umg.de\/en\/#\/schema\/person\/521bbb2a6ceb55060a1ef5eccb794675\"},\"headline\":\"2nd TRAIN Omics Days Lower Saxony 2025: Register now!\",\"datePublished\":\"2025-08-19T13:20:57+00:00\",\"mainEntityOfPage\":{\"@id\":\"https:\/\/www.humangenetik-umg.de\/en\/2nd-train-omics-days-lower-saxony-2025-register-now\/\"},\"wordCount\":178,\"articleSection\":[\"Events\",\"News\"],\"inLanguage\":\"en-US\"},{\"@type\":\"WebPage\",\"@id\":\"https:\/\/www.humangenetik-umg.de\/en\/2nd-train-omics-days-lower-saxony-2025-register-now\/\",\"url\":\"https:\/\/www.humangenetik-umg.de\/en\/2nd-train-omics-days-lower-saxony-2025-register-now\/\",\"name\":\"2nd TRAIN Omics Days Lower Saxony 2025: Register now! - Institut f\u00fcr Humangenetik\",\"isPartOf\":{\"@id\":\"https:\/\/www.humangenetik-umg.de\/en\/#website\"},\"datePublished\":\"2025-08-19T13:20:57+00:00\",\"author\":{\"@id\":\"https:\/\/www.humangenetik-umg.de\/en\/#\/schema\/person\/521bbb2a6ceb55060a1ef5eccb794675\"},\"description\":\"Registration is now open for the upcoming 2nd TRAIN Omics Days Lower Saxony 2025\",\"breadcrumb\":{\"@id\":\"https:\/\/www.humangenetik-umg.de\/en\/2nd-train-omics-days-lower-saxony-2025-register-now\/#breadcrumb\"},\"inLanguage\":\"en-US\",\"potentialAction\":[{\"@type\":\"ReadAction\",\"target\":[\"https:\/\/www.humangenetik-umg.de\/en\/2nd-train-omics-days-lower-saxony-2025-register-now\/\"]}]},{\"@type\":\"BreadcrumbList\",\"@id\":\"https:\/\/www.humangenetik-umg.de\/en\/2nd-train-omics-days-lower-saxony-2025-register-now\/#breadcrumb\",\"itemListElement\":[{\"@type\":\"ListItem\",\"position\":1,\"name\":\"Home\",\"item\":\"https:\/\/www.humangenetik-umg.de\/en\/\"},{\"@type\":\"ListItem\",\"position\":2,\"name\":\"2nd TRAIN Omics Days Lower Saxony 2025: Register now!\"}]},{\"@type\":\"WebSite\",\"@id\":\"https:\/\/www.humangenetik-umg.de\/en\/#website\",\"url\":\"https:\/\/www.humangenetik-umg.de\/en\/\",\"name\":\"Institut f\u00fcr Humangenetik\",\"description\":\"Institut f\u00fcr Humangenetik der Universit\u00e4tsmedizin G\u00f6ttingen\",\"potentialAction\":[{\"@type\":\"SearchAction\",\"target\":{\"@type\":\"EntryPoint\",\"urlTemplate\":\"https:\/\/www.humangenetik-umg.de\/en\/?s={search_term_string}\"},\"query-input\":{\"@type\":\"PropertyValueSpecification\",\"valueRequired\":true,\"valueName\":\"search_term_string\"}}],\"inLanguage\":\"en-US\"},{\"@type\":\"Person\",\"@id\":\"https:\/\/www.humangenetik-umg.de\/en\/#\/schema\/person\/521bbb2a6ceb55060a1ef5eccb794675\",\"name\":\"KB\",\"image\":{\"@type\":\"ImageObject\",\"inLanguage\":\"en-US\",\"@id\":\"https:\/\/www.humangenetik-umg.de\/en\/#\/schema\/person\/image\/\",\"url\":\"https:\/\/secure.gravatar.com\/avatar\/599107e4ecdfb329c5aa3823e054ce14?s=96&d=mm&r=g\",\"contentUrl\":\"https:\/\/secure.gravatar.com\/avatar\/599107e4ecdfb329c5aa3823e054ce14?s=96&d=mm&r=g\",\"caption\":\"KB\"},\"url\":\"https:\/\/www.humangenetik-umg.de\/en\/author\/boss\/\"}]}<\/script>\n<!-- \/ Yoast SEO plugin. -->","yoast_head_json":{"title":"2nd TRAIN Omics Days Lower Saxony 2025: Register now! - Institut f\u00fcr Humangenetik","description":"Registration is now open for the upcoming 2nd TRAIN Omics Days Lower Saxony 2025","robots":{"index":"index","follow":"follow","max-snippet":"max-snippet:-1","max-image-preview":"max-image-preview:large","max-video-preview":"max-video-preview:-1"},"canonical":"https:\/\/www.humangenetik-umg.de\/en\/2nd-train-omics-days-lower-saxony-2025-register-now\/","og_locale":"en_US","og_type":"article","og_title":"2nd TRAIN Omics Days Lower Saxony 2025: Register now! - Institut f\u00fcr Humangenetik","og_description":"Registration is now open for the upcoming 2nd TRAIN Omics Days Lower Saxony 2025","og_url":"https:\/\/www.humangenetik-umg.de\/en\/2nd-train-omics-days-lower-saxony-2025-register-now\/","og_site_name":"Institut f\u00fcr Humangenetik","article_published_time":"2025-08-19T13:20:57+00:00","author":"KB","twitter_card":"summary_large_image","twitter_misc":{"Written by":"KB","Est. reading time":"1 minute"},"schema":{"@context":"https:\/\/schema.org","@graph":[{"@type":"Article","@id":"https:\/\/www.humangenetik-umg.de\/en\/2nd-train-omics-days-lower-saxony-2025-register-now\/#article","isPartOf":{"@id":"https:\/\/www.humangenetik-umg.de\/en\/2nd-train-omics-days-lower-saxony-2025-register-now\/"},"author":{"name":"KB","@id":"https:\/\/www.humangenetik-umg.de\/en\/#\/schema\/person\/521bbb2a6ceb55060a1ef5eccb794675"},"headline":"2nd TRAIN Omics Days Lower Saxony 2025: Register now!","datePublished":"2025-08-19T13:20:57+00:00","mainEntityOfPage":{"@id":"https:\/\/www.humangenetik-umg.de\/en\/2nd-train-omics-days-lower-saxony-2025-register-now\/"},"wordCount":178,"articleSection":["Events","News"],"inLanguage":"en-US"},{"@type":"WebPage","@id":"https:\/\/www.humangenetik-umg.de\/en\/2nd-train-omics-days-lower-saxony-2025-register-now\/","url":"https:\/\/www.humangenetik-umg.de\/en\/2nd-train-omics-days-lower-saxony-2025-register-now\/","name":"2nd TRAIN Omics Days Lower Saxony 2025: Register now! - Institut f\u00fcr Humangenetik","isPartOf":{"@id":"https:\/\/www.humangenetik-umg.de\/en\/#website"},"datePublished":"2025-08-19T13:20:57+00:00","author":{"@id":"https:\/\/www.humangenetik-umg.de\/en\/#\/schema\/person\/521bbb2a6ceb55060a1ef5eccb794675"},"description":"Registration is now open for the upcoming 2nd TRAIN Omics Days Lower Saxony 2025","breadcrumb":{"@id":"https:\/\/www.humangenetik-umg.de\/en\/2nd-train-omics-days-lower-saxony-2025-register-now\/#breadcrumb"},"inLanguage":"en-US","potentialAction":[{"@type":"ReadAction","target":["https:\/\/www.humangenetik-umg.de\/en\/2nd-train-omics-days-lower-saxony-2025-register-now\/"]}]},{"@type":"BreadcrumbList","@id":"https:\/\/www.humangenetik-umg.de\/en\/2nd-train-omics-days-lower-saxony-2025-register-now\/#breadcrumb","itemListElement":[{"@type":"ListItem","position":1,"name":"Home","item":"https:\/\/www.humangenetik-umg.de\/en\/"},{"@type":"ListItem","position":2,"name":"2nd TRAIN Omics Days Lower Saxony 2025: Register now!"}]},{"@type":"WebSite","@id":"https:\/\/www.humangenetik-umg.de\/en\/#website","url":"https:\/\/www.humangenetik-umg.de\/en\/","name":"Institut f\u00fcr Humangenetik","description":"Institut f\u00fcr Humangenetik der Universit\u00e4tsmedizin G\u00f6ttingen","potentialAction":[{"@type":"SearchAction","target":{"@type":"EntryPoint","urlTemplate":"https:\/\/www.humangenetik-umg.de\/en\/?s={search_term_string}"},"query-input":{"@type":"PropertyValueSpecification","valueRequired":true,"valueName":"search_term_string"}}],"inLanguage":"en-US"},{"@type":"Person","@id":"https:\/\/www.humangenetik-umg.de\/en\/#\/schema\/person\/521bbb2a6ceb55060a1ef5eccb794675","name":"KB","image":{"@type":"ImageObject","inLanguage":"en-US","@id":"https:\/\/www.humangenetik-umg.de\/en\/#\/schema\/person\/image\/","url":"https:\/\/secure.gravatar.com\/avatar\/599107e4ecdfb329c5aa3823e054ce14?s=96&d=mm&r=g","contentUrl":"https:\/\/secure.gravatar.com\/avatar\/599107e4ecdfb329c5aa3823e054ce14?s=96&d=mm&r=g","caption":"KB"},"url":"https:\/\/www.humangenetik-umg.de\/en\/author\/boss\/"}]}},"_links":{"self":[{"href":"https:\/\/www.humangenetik-umg.de\/en\/wp-json\/wp\/v2\/posts\/14577","targetHints":{"allow":["GET"]}}],"collection":[{"href":"https:\/\/www.humangenetik-umg.de\/en\/wp-json\/wp\/v2\/posts"}],"about":[{"href":"https:\/\/www.humangenetik-umg.de\/en\/wp-json\/wp\/v2\/types\/post"}],"author":[{"embeddable":true,"href":"https:\/\/www.humangenetik-umg.de\/en\/wp-json\/wp\/v2\/users\/3"}],"replies":[{"embeddable":true,"href":"https:\/\/www.humangenetik-umg.de\/en\/wp-json\/wp\/v2\/comments?post=14577"}],"version-history":[{"count":0,"href":"https:\/\/www.humangenetik-umg.de\/en\/wp-json\/wp\/v2\/posts\/14577\/revisions"}],"wp:attachment":[{"href":"https:\/\/www.humangenetik-umg.de\/en\/wp-json\/wp\/v2\/media?parent=14577"}],"wp:term":[{"taxonomy":"category","embeddable":true,"href":"https:\/\/www.humangenetik-umg.de\/en\/wp-json\/wp\/v2\/categories?post=14577"},{"taxonomy":"post_tag","embeddable":true,"href":"https:\/\/www.humangenetik-umg.de\/en\/wp-json\/wp\/v2\/tags?post=14577"}],"curies":[{"name":"wp","href":"https:\/\/api.w.org\/{rel}","templated":true}]}}