{"id":7736,"date":"2016-10-24T15:19:36","date_gmt":"2016-10-24T13:19:36","guid":{"rendered":"https:\/\/www.humangenetik-umg.de\/en\/?p=7736"},"modified":"2016-11-29T16:58:19","modified_gmt":"2016-11-29T15:58:19","slug":"bernd-wollnik-new-director-of-institute-of-human-genetics-goettingen","status":"publish","type":"post","link":"https:\/\/www.humangenetik-umg.de\/en\/bernd-wollnik-new-director-of-institute-of-human-genetics-goettingen\/","title":{"rendered":"Bernd Wollnik new director of Institute of Human Genetics G\u00f6ttingen"},"content":{"rendered":"<div class=\"wpb-content-wrapper\">[vc_row][vc_column][vc_column_text]Prof. Dr. Bernd Wollnik became new director of the Institute of Human Genetics G\u00f6ttingen on 01\/09\/2015. You can learn more about his profile, his work and his plans from several articles published in German.[\/vc_column_text][\/vc_column][\/vc_row][vc_row][vc_column][mk_button dimension=&#8221;flat&#8221; size=&#8221;medium&#8221; url=&#8221;http:\/\/www.faktor-magazin.de\/wollnik\/&#8221; target=&#8221;_blank&#8221; bg_color=&#8221;#006699&#8243; btn_hover_bg=&#8221;#000000&#8243; btn_hover_txt_color=&#8221;#ffffff&#8221;]Article &#8220;Der Mitrei\u00dfer&#8221;[\/mk_button][mk_button dimension=&#8221;flat&#8221; size=&#8221;medium&#8221; url=&#8221;http:\/\/www.faktor-magazin.de\/beinahe-unsterblich\/&#8221; target=&#8221;_blank&#8221; bg_color=&#8221;#006699&#8243; btn_hover_bg=&#8221;#000000&#8243; btn_hover_txt_color=&#8221;#ffffff&#8221;]Article &#8220;Beinahe unsterblich&#8221;[\/mk_button][mk_button dimension=&#8221;flat&#8221; size=&#8221;medium&#8221; icon_anim=&#8221;side&#8221; url=&#8221;http:\/\/www.herzzentrum-goettingen.de\/de\/media\/HZGaktuell_2015-01%20(2).pdf&#8221; target=&#8221;_blank&#8221; bg_color=&#8221;#006699&#8243; btn_hover_bg=&#8221;#000000&#8243; btn_hover_txt_color=&#8221;#ffffff&#8221;]HZG Aktuell[\/mk_button][\/vc_column][\/vc_row]\n<\/div>","protected":false},"excerpt":{"rendered":"<p>[vc_row][vc_column][vc_column_text]Prof. Dr. Bernd Wollnik became new director of the Institute of Human Genetics G\u00f6ttingen on 01\/09\/2015. You can learn more about his profile, his work and his plans from several articles published in German.[\/vc_column_text][\/vc_column][\/vc_row][vc_row][vc_column][mk_button dimension=&#8221;flat&#8221; size=&#8221;medium&#8221; url=&#8221;http:\/\/www.faktor-magazin.de\/wollnik\/&#8221; target=&#8221;_blank&#8221; bg_color=&#8221;#006699&#8243; btn_hover_bg=&#8221;#000000&#8243; btn_hover_txt_color=&#8221;#ffffff&#8221;]Article &#8220;Der Mitrei\u00dfer&#8221;[\/mk_button][mk_button dimension=&#8221;flat&#8221; size=&#8221;medium&#8221; url=&#8221;http:\/\/www.faktor-magazin.de\/beinahe-unsterblich\/&#8221; target=&#8221;_blank&#8221; bg_color=&#8221;#006699&#8243; btn_hover_bg=&#8221;#000000&#8243; btn_hover_txt_color=&#8221;#ffffff&#8221;]Article &#8220;Beinahe unsterblich&#8221;[\/mk_button][mk_button dimension=&#8221;flat&#8221; size=&#8221;medium&#8221; icon_anim=&#8221;side&#8221; [&hellip;]<\/p>\n","protected":false},"author":3,"featured_media":0,"comment_status":"open","ping_status":"open","sticky":false,"template":"","format":"standard","meta":{"footnotes":""},"categories":[51],"tags":[],"class_list":["post-7736","post","type-post","status-publish","format-standard","hentry","category-news"],"yoast_head":"<!-- This site is optimized with the Yoast SEO plugin v26.8 - https:\/\/yoast.com\/product\/yoast-seo-wordpress\/ -->\n<title>Bernd Wollnik new director of Institute of Human Genetics G\u00f6ttingen - Institut f\u00fcr Humangenetik<\/title>\n<meta name=\"robots\" content=\"index, follow, max-snippet:-1, max-image-preview:large, max-video-preview:-1\" \/>\n<link rel=\"canonical\" href=\"https:\/\/www.humangenetik-umg.de\/en\/bernd-wollnik-new-director-of-institute-of-human-genetics-goettingen\/\" \/>\n<meta property=\"og:locale\" content=\"en_US\" \/>\n<meta property=\"og:type\" content=\"article\" \/>\n<meta property=\"og:title\" content=\"Bernd Wollnik new director of Institute of Human Genetics G\u00f6ttingen - Institut f\u00fcr Humangenetik\" \/>\n<meta property=\"og:description\" content=\"[vc_row][vc_column][vc_column_text]Prof. Dr. Bernd Wollnik became new director of the Institute of Human Genetics G\u00f6ttingen on 01\/09\/2015. You can learn more about his profile, his work and his plans from several articles published in German.[\/vc_column_text][\/vc_column][\/vc_row][vc_row][vc_column][mk_button dimension=&#8221;flat&#8221; size=&#8221;medium&#8221; url=&#8221;http:\/\/www.faktor-magazin.de\/wollnik\/&#8221; target=&#8221;_blank&#8221; bg_color=&#8221;#006699&#8243; btn_hover_bg=&#8221;#000000&#8243; btn_hover_txt_color=&#8221;#ffffff&#8221;]Article &#8220;Der Mitrei\u00dfer&#8221;[\/mk_button][mk_button dimension=&#8221;flat&#8221; size=&#8221;medium&#8221; url=&#8221;http:\/\/www.faktor-magazin.de\/beinahe-unsterblich\/&#8221; target=&#8221;_blank&#8221; bg_color=&#8221;#006699&#8243; btn_hover_bg=&#8221;#000000&#8243; btn_hover_txt_color=&#8221;#ffffff&#8221;]Article &#8220;Beinahe unsterblich&#8221;[\/mk_button][mk_button dimension=&#8221;flat&#8221; size=&#8221;medium&#8221; icon_anim=&#8221;side&#8221; [&hellip;]\" \/>\n<meta property=\"og:url\" content=\"https:\/\/www.humangenetik-umg.de\/en\/bernd-wollnik-new-director-of-institute-of-human-genetics-goettingen\/\" \/>\n<meta property=\"og:site_name\" content=\"Institut f\u00fcr Humangenetik\" \/>\n<meta property=\"article:published_time\" content=\"2016-10-24T13:19:36+00:00\" \/>\n<meta property=\"article:modified_time\" content=\"2016-11-29T15:58:19+00:00\" \/>\n<meta name=\"author\" content=\"KB\" \/>\n<meta name=\"twitter:card\" content=\"summary_large_image\" \/>\n<meta name=\"twitter:label1\" content=\"Written by\" \/>\n\t<meta name=\"twitter:data1\" content=\"KB\" \/>\n\t<meta name=\"twitter:label2\" content=\"Est. reading time\" \/>\n\t<meta name=\"twitter:data2\" content=\"1 minute\" \/>\n<script type=\"application\/ld+json\" class=\"yoast-schema-graph\">{\"@context\":\"https:\/\/schema.org\",\"@graph\":[{\"@type\":\"Article\",\"@id\":\"https:\/\/www.humangenetik-umg.de\/en\/bernd-wollnik-new-director-of-institute-of-human-genetics-goettingen\/#article\",\"isPartOf\":{\"@id\":\"https:\/\/www.humangenetik-umg.de\/en\/bernd-wollnik-new-director-of-institute-of-human-genetics-goettingen\/\"},\"author\":{\"name\":\"KB\",\"@id\":\"https:\/\/www.humangenetik-umg.de\/en\/#\/schema\/person\/521bbb2a6ceb55060a1ef5eccb794675\"},\"headline\":\"Bernd Wollnik new director of Institute of Human Genetics G\u00f6ttingen\",\"datePublished\":\"2016-10-24T13:19:36+00:00\",\"dateModified\":\"2016-11-29T15:58:19+00:00\",\"mainEntityOfPage\":{\"@id\":\"https:\/\/www.humangenetik-umg.de\/en\/bernd-wollnik-new-director-of-institute-of-human-genetics-goettingen\/\"},\"wordCount\":161,\"commentCount\":0,\"articleSection\":[\"News\"],\"inLanguage\":\"en-US\",\"potentialAction\":[{\"@type\":\"CommentAction\",\"name\":\"Comment\",\"target\":[\"https:\/\/www.humangenetik-umg.de\/en\/bernd-wollnik-new-director-of-institute-of-human-genetics-goettingen\/#respond\"]}]},{\"@type\":\"WebPage\",\"@id\":\"https:\/\/www.humangenetik-umg.de\/en\/bernd-wollnik-new-director-of-institute-of-human-genetics-goettingen\/\",\"url\":\"https:\/\/www.humangenetik-umg.de\/en\/bernd-wollnik-new-director-of-institute-of-human-genetics-goettingen\/\",\"name\":\"Bernd Wollnik new director of Institute of Human Genetics G\u00f6ttingen - Institut f\u00fcr Humangenetik\",\"isPartOf\":{\"@id\":\"https:\/\/www.humangenetik-umg.de\/en\/#website\"},\"datePublished\":\"2016-10-24T13:19:36+00:00\",\"dateModified\":\"2016-11-29T15:58:19+00:00\",\"author\":{\"@id\":\"https:\/\/www.humangenetik-umg.de\/en\/#\/schema\/person\/521bbb2a6ceb55060a1ef5eccb794675\"},\"breadcrumb\":{\"@id\":\"https:\/\/www.humangenetik-umg.de\/en\/bernd-wollnik-new-director-of-institute-of-human-genetics-goettingen\/#breadcrumb\"},\"inLanguage\":\"en-US\",\"potentialAction\":[{\"@type\":\"ReadAction\",\"target\":[\"https:\/\/www.humangenetik-umg.de\/en\/bernd-wollnik-new-director-of-institute-of-human-genetics-goettingen\/\"]}]},{\"@type\":\"BreadcrumbList\",\"@id\":\"https:\/\/www.humangenetik-umg.de\/en\/bernd-wollnik-new-director-of-institute-of-human-genetics-goettingen\/#breadcrumb\",\"itemListElement\":[{\"@type\":\"ListItem\",\"position\":1,\"name\":\"Home\",\"item\":\"https:\/\/www.humangenetik-umg.de\/en\/\"},{\"@type\":\"ListItem\",\"position\":2,\"name\":\"Bernd Wollnik new director of Institute of Human Genetics G\u00f6ttingen\"}]},{\"@type\":\"WebSite\",\"@id\":\"https:\/\/www.humangenetik-umg.de\/en\/#website\",\"url\":\"https:\/\/www.humangenetik-umg.de\/en\/\",\"name\":\"Institut f\u00fcr Humangenetik\",\"description\":\"Institut f\u00fcr Humangenetik der Universit\u00e4tsmedizin G\u00f6ttingen\",\"potentialAction\":[{\"@type\":\"SearchAction\",\"target\":{\"@type\":\"EntryPoint\",\"urlTemplate\":\"https:\/\/www.humangenetik-umg.de\/en\/?s={search_term_string}\"},\"query-input\":{\"@type\":\"PropertyValueSpecification\",\"valueRequired\":true,\"valueName\":\"search_term_string\"}}],\"inLanguage\":\"en-US\"},{\"@type\":\"Person\",\"@id\":\"https:\/\/www.humangenetik-umg.de\/en\/#\/schema\/person\/521bbb2a6ceb55060a1ef5eccb794675\",\"name\":\"KB\",\"image\":{\"@type\":\"ImageObject\",\"inLanguage\":\"en-US\",\"@id\":\"https:\/\/www.humangenetik-umg.de\/en\/#\/schema\/person\/image\/\",\"url\":\"https:\/\/secure.gravatar.com\/avatar\/599107e4ecdfb329c5aa3823e054ce14?s=96&d=mm&r=g\",\"contentUrl\":\"https:\/\/secure.gravatar.com\/avatar\/599107e4ecdfb329c5aa3823e054ce14?s=96&d=mm&r=g\",\"caption\":\"KB\"},\"url\":\"https:\/\/www.humangenetik-umg.de\/en\/author\/boss\/\"}]}<\/script>\n<!-- \/ Yoast SEO plugin. -->","yoast_head_json":{"title":"Bernd Wollnik new director of Institute of Human Genetics G\u00f6ttingen - Institut f\u00fcr Humangenetik","robots":{"index":"index","follow":"follow","max-snippet":"max-snippet:-1","max-image-preview":"max-image-preview:large","max-video-preview":"max-video-preview:-1"},"canonical":"https:\/\/www.humangenetik-umg.de\/en\/bernd-wollnik-new-director-of-institute-of-human-genetics-goettingen\/","og_locale":"en_US","og_type":"article","og_title":"Bernd Wollnik new director of Institute of Human Genetics G\u00f6ttingen - Institut f\u00fcr Humangenetik","og_description":"[vc_row][vc_column][vc_column_text]Prof. Dr. Bernd Wollnik became new director of the Institute of Human Genetics G\u00f6ttingen on 01\/09\/2015. You can learn more about his profile, his work and his plans from several articles published in German.[\/vc_column_text][\/vc_column][\/vc_row][vc_row][vc_column][mk_button dimension=&#8221;flat&#8221; size=&#8221;medium&#8221; url=&#8221;http:\/\/www.faktor-magazin.de\/wollnik\/&#8221; target=&#8221;_blank&#8221; bg_color=&#8221;#006699&#8243; btn_hover_bg=&#8221;#000000&#8243; btn_hover_txt_color=&#8221;#ffffff&#8221;]Article &#8220;Der Mitrei\u00dfer&#8221;[\/mk_button][mk_button dimension=&#8221;flat&#8221; size=&#8221;medium&#8221; url=&#8221;http:\/\/www.faktor-magazin.de\/beinahe-unsterblich\/&#8221; target=&#8221;_blank&#8221; bg_color=&#8221;#006699&#8243; btn_hover_bg=&#8221;#000000&#8243; btn_hover_txt_color=&#8221;#ffffff&#8221;]Article &#8220;Beinahe unsterblich&#8221;[\/mk_button][mk_button dimension=&#8221;flat&#8221; size=&#8221;medium&#8221; icon_anim=&#8221;side&#8221; [&hellip;]","og_url":"https:\/\/www.humangenetik-umg.de\/en\/bernd-wollnik-new-director-of-institute-of-human-genetics-goettingen\/","og_site_name":"Institut f\u00fcr Humangenetik","article_published_time":"2016-10-24T13:19:36+00:00","article_modified_time":"2016-11-29T15:58:19+00:00","author":"KB","twitter_card":"summary_large_image","twitter_misc":{"Written by":"KB","Est. reading time":"1 minute"},"schema":{"@context":"https:\/\/schema.org","@graph":[{"@type":"Article","@id":"https:\/\/www.humangenetik-umg.de\/en\/bernd-wollnik-new-director-of-institute-of-human-genetics-goettingen\/#article","isPartOf":{"@id":"https:\/\/www.humangenetik-umg.de\/en\/bernd-wollnik-new-director-of-institute-of-human-genetics-goettingen\/"},"author":{"name":"KB","@id":"https:\/\/www.humangenetik-umg.de\/en\/#\/schema\/person\/521bbb2a6ceb55060a1ef5eccb794675"},"headline":"Bernd Wollnik new director of Institute of Human Genetics G\u00f6ttingen","datePublished":"2016-10-24T13:19:36+00:00","dateModified":"2016-11-29T15:58:19+00:00","mainEntityOfPage":{"@id":"https:\/\/www.humangenetik-umg.de\/en\/bernd-wollnik-new-director-of-institute-of-human-genetics-goettingen\/"},"wordCount":161,"commentCount":0,"articleSection":["News"],"inLanguage":"en-US","potentialAction":[{"@type":"CommentAction","name":"Comment","target":["https:\/\/www.humangenetik-umg.de\/en\/bernd-wollnik-new-director-of-institute-of-human-genetics-goettingen\/#respond"]}]},{"@type":"WebPage","@id":"https:\/\/www.humangenetik-umg.de\/en\/bernd-wollnik-new-director-of-institute-of-human-genetics-goettingen\/","url":"https:\/\/www.humangenetik-umg.de\/en\/bernd-wollnik-new-director-of-institute-of-human-genetics-goettingen\/","name":"Bernd Wollnik new director of Institute of Human Genetics G\u00f6ttingen - Institut f\u00fcr Humangenetik","isPartOf":{"@id":"https:\/\/www.humangenetik-umg.de\/en\/#website"},"datePublished":"2016-10-24T13:19:36+00:00","dateModified":"2016-11-29T15:58:19+00:00","author":{"@id":"https:\/\/www.humangenetik-umg.de\/en\/#\/schema\/person\/521bbb2a6ceb55060a1ef5eccb794675"},"breadcrumb":{"@id":"https:\/\/www.humangenetik-umg.de\/en\/bernd-wollnik-new-director-of-institute-of-human-genetics-goettingen\/#breadcrumb"},"inLanguage":"en-US","potentialAction":[{"@type":"ReadAction","target":["https:\/\/www.humangenetik-umg.de\/en\/bernd-wollnik-new-director-of-institute-of-human-genetics-goettingen\/"]}]},{"@type":"BreadcrumbList","@id":"https:\/\/www.humangenetik-umg.de\/en\/bernd-wollnik-new-director-of-institute-of-human-genetics-goettingen\/#breadcrumb","itemListElement":[{"@type":"ListItem","position":1,"name":"Home","item":"https:\/\/www.humangenetik-umg.de\/en\/"},{"@type":"ListItem","position":2,"name":"Bernd Wollnik new director of Institute of Human Genetics G\u00f6ttingen"}]},{"@type":"WebSite","@id":"https:\/\/www.humangenetik-umg.de\/en\/#website","url":"https:\/\/www.humangenetik-umg.de\/en\/","name":"Institut f\u00fcr Humangenetik","description":"Institut f\u00fcr Humangenetik der Universit\u00e4tsmedizin G\u00f6ttingen","potentialAction":[{"@type":"SearchAction","target":{"@type":"EntryPoint","urlTemplate":"https:\/\/www.humangenetik-umg.de\/en\/?s={search_term_string}"},"query-input":{"@type":"PropertyValueSpecification","valueRequired":true,"valueName":"search_term_string"}}],"inLanguage":"en-US"},{"@type":"Person","@id":"https:\/\/www.humangenetik-umg.de\/en\/#\/schema\/person\/521bbb2a6ceb55060a1ef5eccb794675","name":"KB","image":{"@type":"ImageObject","inLanguage":"en-US","@id":"https:\/\/www.humangenetik-umg.de\/en\/#\/schema\/person\/image\/","url":"https:\/\/secure.gravatar.com\/avatar\/599107e4ecdfb329c5aa3823e054ce14?s=96&d=mm&r=g","contentUrl":"https:\/\/secure.gravatar.com\/avatar\/599107e4ecdfb329c5aa3823e054ce14?s=96&d=mm&r=g","caption":"KB"},"url":"https:\/\/www.humangenetik-umg.de\/en\/author\/boss\/"}]}},"_links":{"self":[{"href":"https:\/\/www.humangenetik-umg.de\/en\/wp-json\/wp\/v2\/posts\/7736","targetHints":{"allow":["GET"]}}],"collection":[{"href":"https:\/\/www.humangenetik-umg.de\/en\/wp-json\/wp\/v2\/posts"}],"about":[{"href":"https:\/\/www.humangenetik-umg.de\/en\/wp-json\/wp\/v2\/types\/post"}],"author":[{"embeddable":true,"href":"https:\/\/www.humangenetik-umg.de\/en\/wp-json\/wp\/v2\/users\/3"}],"replies":[{"embeddable":true,"href":"https:\/\/www.humangenetik-umg.de\/en\/wp-json\/wp\/v2\/comments?post=7736"}],"version-history":[{"count":0,"href":"https:\/\/www.humangenetik-umg.de\/en\/wp-json\/wp\/v2\/posts\/7736\/revisions"}],"wp:attachment":[{"href":"https:\/\/www.humangenetik-umg.de\/en\/wp-json\/wp\/v2\/media?parent=7736"}],"wp:term":[{"taxonomy":"category","embeddable":true,"href":"https:\/\/www.humangenetik-umg.de\/en\/wp-json\/wp\/v2\/categories?post=7736"},{"taxonomy":"post_tag","embeddable":true,"href":"https:\/\/www.humangenetik-umg.de\/en\/wp-json\/wp\/v2\/tags?post=7736"}],"curies":[{"name":"wp","href":"https:\/\/api.w.org\/{rel}","templated":true}]}}